{"id":7677,"date":"2026-08-31T21:17:13","date_gmt":"2026-09-01T02:17:13","guid":{"rendered":"https:\/\/germancastrocaycedo.co\/portal\/?p=7677"},"modified":"2026-08-31T21:17:14","modified_gmt":"2026-09-01T02:17:14","slug":"la-noche-de-las-lanzas-vuelve-a-circular-sus-protagonistas-fueron-nombrados-venerables-por-el-papa-leon-xiv-el-segundo-paso-en-el-camino-hacia-su-santificacion","status":"publish","type":"post","link":"https:\/\/germancastrocaycedo.co\/portal\/2026\/08\/31\/la-noche-de-las-lanzas-vuelve-a-circular-sus-protagonistas-fueron-nombrados-venerables-por-el-papa-leon-xiv-el-segundo-paso-en-el-camino-hacia-su-santificacion\/","title":{"rendered":"&#8216;La noche de las lanzas&#8217; vuelve a circular: sus protagonistas fueron nombrados venerables por el papa Le\u00f3n XIV, el segundo paso en el camino hacia su santificaci\u00f3n"},"content":{"rendered":"\n<p class=\"wp-block-paragraph\">Editorial Planeta reedita <em>La noche de las lanzas<\/em>, el libro en el que Germ\u00e1n Castro Caycedo reconstruy\u00f3 la historia de monse\u00f1or Alejandro Labaka y la hermana In\u00e9s Arango, dos religiosos capuchinos \u2014\u00e9l espa\u00f1ol, ella colombiana\u2014 que murieron atravesados por lanzas a manos de los tagaeri, un grupo rebelde de los huaorani, mientras intentaban protegerlos de un inminente ataque armado de las petroleras en la Amazon\u00eda ecuatoriana.<\/p>\n\n\n\n<p class=\"wp-block-paragraph\">La historia ocurri\u00f3 en julio de 1987, pero cobra vigencia ahora por una raz\u00f3n puntual: Labaka y Arango fueron nombrados <strong>venerables por el papa Le\u00f3n XIV<\/strong>, el segundo paso en el camino hacia su santificaci\u00f3n.<\/p>\n\n\n\n<p class=\"wp-block-paragraph\">La nueva edici\u00f3n incluye un pr\u00f3logo de Francisco de Roux, quien escribe sobre el libro:<\/p>\n\n\n\n<blockquote class=\"wp-block-quote is-layout-flow wp-block-quote-is-layout-flow\">\n<p class=\"wp-block-paragraph\">\u00abEsta historia estaba en la narrativa y el coraz\u00f3n de Germ\u00e1n y consolid\u00f3 en \u00e9l la pasi\u00f3n por el ser humano que llevan sus escritos, y estaba viva en \u00e9l cuando se abandon\u00f3 en el misterio con la misma esperanza que moviliz\u00f3 a Alejandro Labaka y a In\u00e9s Arango. Germ\u00e1n hab\u00eda entendido. <em>Qui potest capere capiat<\/em>. El que pueda entender, que entienda\u00bb.<\/p>\n<\/blockquote>\n\n\n\n<h2 class=\"wp-block-heading\">Sobre la historia<\/h2>\n\n\n\n<p class=\"wp-block-paragraph\">Los huaorani guardaban en su memoria el recuerdo de quienes hab\u00edan llegado hasta sus tierras a lo largo de los a\u00f1os a esclavizarlos y convertirlos a otras creencias \u2014exploradores, caucheros, petroleros, misioneros\u2014, a todos los cuales llamaban indistintamente \u00abcan\u00edbales\u00bb. Por eso los evitaban, y los atacaban con lanzas si se acercaban demasiado o amenazaban su territorio.<\/p>\n\n\n\n<p class=\"wp-block-paragraph\">Labaka y Arango rompieron ese aislamiento para entender a los huaorani y defenderlos. Como escribe Francisco de Roux en el pr\u00f3logo: \u00abLos dos hab\u00edan comprendido que en esta causa apostaban todo lo que eran como seres humanos y que a eso los llamaba el misterio que hab\u00edan buscado en la inspiraci\u00f3n de Jes\u00fas de Nazareth\u00bb.<\/p>\n\n\n\n<p class=\"wp-block-paragraph\">Algunos fragmentos del libro:<\/p>\n\n\n\n<blockquote class=\"wp-block-quote is-layout-flow wp-block-quote-is-layout-flow\">\n<p class=\"wp-block-paragraph\">\u00abNo tiene sentido bautizar indios infieles y ense\u00f1arles a recitar el padre nuestro cuando la gente muere por defender lo suyo. Eran misioneros, es verdad, pero el barro de estas selvas les hab\u00eda ense\u00f1ado que primero hay que salvar las vidas\u00bb. \u2014 P\u00e1g. 21<\/p>\n<\/blockquote>\n\n\n\n<blockquote class=\"wp-block-quote is-layout-flow wp-block-quote-is-layout-flow\">\n<p class=\"wp-block-paragraph\">\u00abPorque un hombre solo frente a poblaciones desconocidas y, adem\u00e1s, aguerridas, significa desaf\u00edo. Pero hombre acompa\u00f1ado por mujer, simboliza paz\u00bb. \u2014 P\u00e1g. 23<\/p>\n<\/blockquote>\n\n\n\n<p class=\"wp-block-paragraph\">Antes del final, Labaka y Arango se acercaron a los tagaeri sin armas, llam\u00e1ndolos en su propia lengua:<\/p>\n\n\n\n<blockquote class=\"wp-block-quote is-layout-flow wp-block-quote-is-layout-flow\">\n<p class=\"wp-block-paragraph\"><em>Gui\u00f1enamay<\/em> (no teng\u00e1is miedo). <em>Guirinani<\/em> (somos amigos). <em>Memorani imnipa<\/em> (somos hermanos). <em>Apeneke poidani<\/em> (venid a hablar). <em>Titike poidani<\/em> (venid a dialogar). \u2014 P\u00e1g. 314<\/p>\n<\/blockquote>\n\n\n\n<h2 class=\"wp-block-heading\">El autor<\/h2>\n\n\n\n<p class=\"wp-block-paragraph\">Germ\u00e1n Castro Caycedo (Zipaquir\u00e1, 1940 \u2013 Bogot\u00e1, 2021) fue uno de los grandes cronistas colombianos de finales del siglo XX y comienzos del XXI. Ejerci\u00f3 el periodismo en <em>El Tiempo<\/em> durante diez a\u00f1os y cre\u00f3 y dirigi\u00f3 durante dos d\u00e9cadas <em>Enviado Especial<\/em>, programa que marc\u00f3 un hito en el periodismo televisivo del pa\u00eds. Obtuvo ocho premios internacionales de periodismo y once nacionales, entre ellos el Premio Rodolfo Walsh (1999, por <em>El Karina<\/em>), el Premio de Periodismo Planeta (2005, por <em>Que la muerte espere<\/em>) y el Premio Sim\u00f3n Bol\u00edvar de Periodismo a una vida y obra (2015). Es autor de veintis\u00e9is libros de narrativa de no ficci\u00f3n.<\/p>\n\n\n\n<p class=\"wp-block-paragraph\"><em>La noche de las lanzas<\/em> ya est\u00e1 disponible en librer\u00edas, publicado por Editorial Planeta.<\/p>\n\n\n<div class=\"wp-block-pdfemb-pdf-embedder-viewer\"><a href=\"https:\/\/germancastrocaycedo.co\/portal\/wp-content\/uploads\/2026\/08\/Dossier-La-noche-de-las-lanzas-comprimido.pdf\" class=\"pdfemb-viewer\" style=\"height:1000px;\" data-width=\"max\" data-height=\"1000\" data-toolbar=\"bottom\" data-toolbar-fixed=\"off\">Dossier-La-noche-de-las-lanzas-comprimido<\/a><\/div>","protected":false},"excerpt":{"rendered":"<p>La historia que Germ\u00e1n Castro Caycedo reconstruy\u00f3 sobre el asesinato de dos misioneros capuchinos en la Amazon\u00eda ecuatoriana vuelve a circular en una nueva edici\u00f3n de Planeta, con pr\u00f3logo de Francisco de Roux.<\/p>\n","protected":false},"author":2,"featured_media":7679,"comment_status":"closed","ping_status":"closed","sticky":false,"template":"","format":"standard","meta":{"footnotes":""},"categories":[68],"tags":[295,294,63,296,291,78],"class_list":["post-7677","post","type-post","status-publish","format-standard","has-post-thumbnail","hentry","category-actualidad","tag-alejandro-labaka","tag-francisco-de-roux","tag-german-castro-caycedo","tag-ines-arango","tag-la-noche-de-las-lanzas","tag-libros"],"_links":{"self":[{"href":"https:\/\/germancastrocaycedo.co\/portal\/wp-json\/wp\/v2\/posts\/7677","targetHints":{"allow":["GET"]}}],"collection":[{"href":"https:\/\/germancastrocaycedo.co\/portal\/wp-json\/wp\/v2\/posts"}],"about":[{"href":"https:\/\/germancastrocaycedo.co\/portal\/wp-json\/wp\/v2\/types\/post"}],"author":[{"embeddable":true,"href":"https:\/\/germancastrocaycedo.co\/portal\/wp-json\/wp\/v2\/users\/2"}],"replies":[{"embeddable":true,"href":"https:\/\/germancastrocaycedo.co\/portal\/wp-json\/wp\/v2\/comments?post=7677"}],"version-history":[{"count":1,"href":"https:\/\/germancastrocaycedo.co\/portal\/wp-json\/wp\/v2\/posts\/7677\/revisions"}],"predecessor-version":[{"id":7680,"href":"https:\/\/germancastrocaycedo.co\/portal\/wp-json\/wp\/v2\/posts\/7677\/revisions\/7680"}],"wp:featuredmedia":[{"embeddable":true,"href":"https:\/\/germancastrocaycedo.co\/portal\/wp-json\/wp\/v2\/media\/7679"}],"wp:attachment":[{"href":"https:\/\/germancastrocaycedo.co\/portal\/wp-json\/wp\/v2\/media?parent=7677"}],"wp:term":[{"taxonomy":"category","embeddable":true,"href":"https:\/\/germancastrocaycedo.co\/portal\/wp-json\/wp\/v2\/categories?post=7677"},{"taxonomy":"post_tag","embeddable":true,"href":"https:\/\/germancastrocaycedo.co\/portal\/wp-json\/wp\/v2\/tags?post=7677"}],"curies":[{"name":"wp","href":"https:\/\/api.w.org\/{rel}","templated":true}]}}