{"id":5712,"date":"2024-09-09T21:24:06","date_gmt":"2024-09-10T02:24:06","guid":{"rendered":"https:\/\/germancastrocaycedo.co\/portal\/?p=5712"},"modified":"2024-12-17T00:55:55","modified_gmt":"2024-12-17T05:55:55","slug":"este-libro-lleva-gestionandose-desde-hace-mas-de-10-anos-catalina-castro-blanchet","status":"publish","type":"post","link":"https:\/\/germancastrocaycedo.co\/portal\/2024\/09\/09\/este-libro-lleva-gestionandose-desde-hace-mas-de-10-anos-catalina-castro-blanchet\/","title":{"rendered":"\u00abEste libro lleva gestion\u00e1ndose desde hace m\u00e1s de 10 a\u00f1os\u00bb: Catalina Castro Blanchet"},"content":{"rendered":"\n<p>En una reciente entrevista con la revista Diners, Catalina Castro Blanchet comparti\u00f3 el proceso detr\u00e1s de la creaci\u00f3n de su libro Mi padre, Germ\u00e1n Castro Caycedo, publicado en 2024. En esta obra, Catalina rinde un sentido homenaje a su padre, el renombrado cronista colombiano, compartiendo an\u00e9cdotas, memorias y reflexiones sobre su legado y su impacto en el periodismo nacional. A continuaci\u00f3n, reproducimos parte de la entrevista con Catalina, quien nos brinda una mirada \u00edntima sobre la investigaci\u00f3n y la escritura de esta significativa obra.<\/p>\n\n\n\n<p><strong>DINERS<\/strong>: Este libro viene gestion\u00e1ndose hace much\u00edsimos a\u00f1os. \u00bfC\u00f3mo surgi\u00f3 la idea?<\/p>\n\n\n\n<p><strong>Catalina Castro Blanchet (CCB):<\/strong> Este libro lleva gestion\u00e1ndose desde hace m\u00e1s de 10 a\u00f1os, aproximadamente desde 2010 o 2012. La idea surgi\u00f3 por mi esposo, que es franc\u00e9s, quien comenz\u00f3 a amar este pa\u00eds a trav\u00e9s de las historias de mi pap\u00e1. Sentarse a hablar con mi pap\u00e1 era descubrir el pa\u00eds de una forma diferente, y las historias detr\u00e1s de las historias eran hipnotizantes. Mi esposo le suger\u00eda que escribiera algo as\u00ed como sus memorias, pero durante muchos a\u00f1os mi pap\u00e1 no se decid\u00eda. En 2019, cuando public\u00f3 su \u00faltimo libro, <em>Huellas<\/em>, vi que era una ventanita abierta a ciertas an\u00e9cdotas de su vida, y decid\u00ed proponerle que escribi\u00e9ramos este libro a cuatro manos. Finalmente, mi pap\u00e1 acept\u00f3 y comenzamos la investigaci\u00f3n juntos, pero en 2021 \u00e9l falleci\u00f3 y qued\u00e9 yo con una promesa por cumplir.<\/p>\n\n\n\n<p><strong>DINERS<\/strong>: \u00bfC\u00f3mo fue el proceso de trabajo con Germ\u00e1n Castro Caycedo?<\/p>\n\n\n\n<p><strong>CCB:<\/strong> La investigaci\u00f3n fue una prolongaci\u00f3n de nuestra relaci\u00f3n padre-hija. Desde ni\u00f1a estuve involucrada en su trabajo, ya que siempre nos manten\u00eda informadas en casa. Mi mam\u00e1 tambi\u00e9n estaba muy involucrada; ella era su correctora. Este proyecto fue adentrarse m\u00e1s profundamente en su trabajo. Mi pap\u00e1 me hablaba de una cr\u00f3nica, yo la le\u00eda y eso me llevaba a otra. En alg\u00fan momento me dijo: <em>\u201cMe das la oportunidad de darme cuenta de cu\u00e1nto he hecho\u201d<\/em>. Para la escritura estaba yo, aunque no soy escritora. Me dej\u00f3 con ese reto enorme, pero fue un proceso muy especial.<\/p>\n\n\n\n<p><strong>DINERS<\/strong>: \u00bfC\u00f3mo fueron esos a\u00f1os despu\u00e9s de su partida?<\/p>\n\n\n\n<p><strong>CCB:<\/strong> Fueron muy duros. Pasar de un relato en tercera persona a uno en el que deb\u00eda involucrar el \u00abyo\u00bb fue un reto enorme. Ese \u00abyo\u00bb era un arquitecto en duelo que necesitaba encontrar su voz leg\u00edtima. Pas\u00e9 ocho meses buscando una estructura que me permitiera reunir todo, y finalmente opt\u00e9 por una secuencia rota con un hilo conductor: la \u00faltima semana de mi padre. Desde ah\u00ed pude vincular nuestra relaci\u00f3n, sus an\u00e1lisis, su trabajo y mi proceso de duelo.<\/p>\n\n\n\n<p><strong>DINERS<\/strong>: Durante estos a\u00f1os de trabajo, \u00bfhubo algo que te sorprendi\u00f3?<\/p>\n\n\n\n<p><strong>CCB:<\/strong> Me sorprendi\u00f3 la magnitud del trabajo heroico de mi pap\u00e1. Mantener su independencia en un pa\u00eds como Colombia es admirable. Nunca pis\u00f3 una facultad de periodismo o de comunicaci\u00f3n, pero s\u00ed curs\u00f3 dos semestres de antropolog\u00eda para entender las nueve naciones culturales colombianas. Invent\u00f3 su propia metodolog\u00eda, siempre abordando los hechos desde el lugar donde ocurr\u00edan, d\u00e1ndole voz a todos, desde el campesino hasta figuras como Pablo Escobar o Tirofijo. Fue un trabajo monumental.<\/p>\n\n\n\n<p><strong>DINERS<\/strong>: \u00bfHay alguna historia que te haya conmovido en especial?<\/p>\n\n\n\n<p><strong>CCB:<\/strong> Muchas de las historias ya las conoc\u00eda, pero durante el proceso de escritura, en medio de mi duelo, fue hermoso reencontrarme con los recuerdos. Escribir el libro fue como volver a viajar por Colombia junto a mi padre. Recordar cuando viaj\u00e9 al Amazonas por primera vez o los encuentros con juglares en la costa, todo fue un viaje por mi memoria y sus cr\u00f3nicas.<\/p>\n\n\n\n<p><strong>DINERS<\/strong>: \u00bfC\u00f3mo era Germ\u00e1n Castro Caycedo como padre?<\/p>\n\n\n\n<p><strong>CCB:<\/strong> Para m\u00ed siempre fueron la misma persona. Germ\u00e1n Castro Caycedo era periodista las 24 horas del d\u00eda, pero tambi\u00e9n fue un padre excepcional. Tuvimos una relaci\u00f3n muy especial, con una comunicaci\u00f3n muy fuerte, tanto en lo escrito como en los silencios. Mi padre siempre me dio total libertad de pensamiento y me acompa\u00f1\u00f3 celebrando cada logro de mi vida.<\/p>\n\n\n\n<p><strong>DINERS<\/strong>: Cu\u00e9ntanos sobre la fotograf\u00eda de la portada.<\/p>\n\n\n\n<p><strong>CCB:<\/strong> La fotograf\u00eda fue tomada por Carlos Caicedo, un fot\u00f3grafo que conoci\u00f3 a mi pap\u00e1 mientras trabajaba en <em>El Tiempo<\/em>. La foto fue tomada al final de la escritura de <em>El Hueco<\/em>, y en ella estamos mi pap\u00e1 y yo en su estudio, rodeados de los objetos y amuletos que recogi\u00f3 durante sus viajes por todo el pa\u00eds.<\/p>\n\n\n\n<p><strong>Mira el video de la entrevista aqu\u00ed:<\/strong><\/p>\n\n\n\n<iframe loading=\"lazy\" width=\"100%\" height=\"315\" src=\"https:\/\/www.youtube.com\/embed\/xC2w-aAjRPI?si=0YTMcW9gp5FETJfX\" title=\"YouTube video player\" frameborder=\"0\" allow=\"accelerometer; autoplay; clipboard-write; encrypted-media; gyroscope; picture-in-picture; web-share\" referrerpolicy=\"strict-origin-when-cross-origin\" allowfullscreen><\/iframe>\n","protected":false},"excerpt":{"rendered":"<p>En una reciente entrevista con la revista Diners, Catalina Castro Blanchet comparti\u00f3 el proceso detr\u00e1s de la creaci\u00f3n de su libro Mi padre, Germ\u00e1n Castro Caycedo, publicado en 2024. En esta obra, Catalina rinde un sentido homenaje a su padre, el renombrado cronista colombiano, compartiendo an\u00e9cdotas, memorias y reflexiones sobre su legado y su impacto [&hellip;]<\/p>\n","protected":false},"author":2,"featured_media":5715,"comment_status":"closed","ping_status":"closed","sticky":false,"template":"","format":"standard","meta":{"footnotes":""},"categories":[68,210,189],"tags":[165,168,63,82,78,162],"class_list":["post-5712","post","type-post","status-publish","format-standard","has-post-thumbnail","hentry","category-actualidad","category-homenaje-a-german-castro-caycedo","category-mi-padre-german-castro-caycedo","tag-catalina-castro-blanchet","tag-entrevista","tag-german-castro-caycedo","tag-homenaje-a-german-castro-caycedo","tag-libros","tag-mi-padre-german-castro-caycedo"],"_links":{"self":[{"href":"https:\/\/germancastrocaycedo.co\/portal\/wp-json\/wp\/v2\/posts\/5712","targetHints":{"allow":["GET"]}}],"collection":[{"href":"https:\/\/germancastrocaycedo.co\/portal\/wp-json\/wp\/v2\/posts"}],"about":[{"href":"https:\/\/germancastrocaycedo.co\/portal\/wp-json\/wp\/v2\/types\/post"}],"author":[{"embeddable":true,"href":"https:\/\/germancastrocaycedo.co\/portal\/wp-json\/wp\/v2\/users\/2"}],"replies":[{"embeddable":true,"href":"https:\/\/germancastrocaycedo.co\/portal\/wp-json\/wp\/v2\/comments?post=5712"}],"version-history":[{"count":1,"href":"https:\/\/germancastrocaycedo.co\/portal\/wp-json\/wp\/v2\/posts\/5712\/revisions"}],"predecessor-version":[{"id":5716,"href":"https:\/\/germancastrocaycedo.co\/portal\/wp-json\/wp\/v2\/posts\/5712\/revisions\/5716"}],"wp:featuredmedia":[{"embeddable":true,"href":"https:\/\/germancastrocaycedo.co\/portal\/wp-json\/wp\/v2\/media\/5715"}],"wp:attachment":[{"href":"https:\/\/germancastrocaycedo.co\/portal\/wp-json\/wp\/v2\/media?parent=5712"}],"wp:term":[{"taxonomy":"category","embeddable":true,"href":"https:\/\/germancastrocaycedo.co\/portal\/wp-json\/wp\/v2\/categories?post=5712"},{"taxonomy":"post_tag","embeddable":true,"href":"https:\/\/germancastrocaycedo.co\/portal\/wp-json\/wp\/v2\/tags?post=5712"}],"curies":[{"name":"wp","href":"https:\/\/api.w.org\/{rel}","templated":true}]}}