{"id":4568,"date":"2021-09-28T18:46:52","date_gmt":"2021-09-28T23:46:52","guid":{"rendered":"https:\/\/germancastrocaycedo.co\/portal\/?p=4568"},"modified":"2025-05-25T22:19:30","modified_gmt":"2025-05-26T03:19:30","slug":"el-palacio-sin-mascara-historia-de-una-tragedia-por-german-castro-caycedo","status":"publish","type":"post","link":"https:\/\/germancastrocaycedo.co\/portal\/2021\/09\/28\/el-palacio-sin-mascara-historia-de-una-tragedia-por-german-castro-caycedo\/","title":{"rendered":"\u201cEl palacio sin m\u00e1scara\u201d: la historia de una tragedia en Colombia contada por Germ\u00e1n Castro Caycedo (Revista Semana)"},"content":{"rendered":"<p class=\"section sp-8\">Germ\u00e1n Castro Caycedo, uno de los escritores m\u00e1s reconocidos y queridos del pa\u00eds,\u00a0<b>falleci\u00f3 este jueves 15 de julio.<\/b>\u00a0Autor de numerosos libros,\u00a0<a href=\"https:\/\/www.semana.com\/nacion\/articulo\/atencion-muere-el-reconocido-escritor-german-castro-caycedo\/202150\/\" target=\"_blank\" rel=\"noopener\">Castro Caycedo fue un excepcional testigo de la historia<\/a>\u00a0y una de las plumas m\u00e1s importantes para inmortalizar los momentos m\u00e1s importantes de la convulsionada Colombia. El cronista libraba una dura batalla contra el c\u00e1ncer.<\/p>\n<p class=\"section sp-8\">Una de esas obras es\u00a0<b>\u201cEl palacio sin m\u00e1scara\u201d<\/b>, que, aunque no fue la m\u00e1s destacada, deja una huella indeleble para los que tienen la oportunidad de sumergirse en sus p\u00e1ginas.<\/p>\n<p class=\"section sp-8\">El pa\u00eds\u00a0<a href=\"https:\/\/www.semana.com\/nacion\/articulo\/danaron-dos-puertas-y-hurtaron-mas-de-seis-camaras-de-seguridad-presidenta-de-la-judicatura-sobre-actos-vandalicos-en-el-palacio-de-justicia\/202102\/\" target=\"_blank\" rel=\"noopener\">recuerda las im\u00e1genes del centro de Bogot\u00e1, puntualmente\u00a0<b>el ahora palacio Alfonso Reyes Echand\u00eda<\/b><\/a>, ardiendo en llamas. Esta obra es, en s\u00edntesis, lo que nadie le dijo al pa\u00eds durante varias d\u00e9cadas en torno a lo ocurrido durante 2 d\u00edas:\u00a0<b>6 y 7 de noviembre de 1985. Las casi 300 p\u00e1ginas del libro est\u00e1n sustentadas\u00a0<\/b>en documentos obtenidos por el autor en seis juzgados penales, en el Tribunal Especial de Instrucci\u00f3n Criminal, en la comisi\u00f3n de la Verdad, en el Consejo de Estado, en la Procuradur\u00eda General de la Naci\u00f3n, en Tribunales Contenciosos Administrativos y, especialmente, en la Fiscal\u00eda General de la Naci\u00f3n. All\u00ed queda clara la labor de Castro Caycedo en lo que para\u00a0<a href=\"https:\/\/www.semana.com\/nacion\/articulo\/politicos-periodistas-y-personalidades-reaccionan-tras-el-fallecimiento-de-german-castro-caycedo\/202143\/\" target=\"_blank\" rel=\"noopener\">\u00e9l ser\u00eda su m\u00e1s sublime oficio: el periodismo.<\/a><\/p>\n<p class=\"section sp-8\"><i>El palacio sin m\u00e1scara<\/i> es una de las investigaciones period\u00edsticas m\u00e1s completas sobre los hechos ocurridos en la toma y la retoma del Palacio de Justicia, despeja dudas y, aunque a\u00fan hay muchas dudas sobre lo que ocurri\u00f3 en ese episodio oscuro de la historia del pa\u00eds, Castro Caycedo, con base en su reporter\u00eda alz\u00f3 a plantear algunas tesis de lo que sucedi\u00f3.<\/p>\n<p class=\"section sp-8\">El columnista Alex\u00e1nder Cuadros escribi\u00f3 para SEMANA una rese\u00f1a de este libro: \u201cQueda claro, despu\u00e9s de leer este libro, que la intenci\u00f3n del Ej\u00e9rcito en la retoma fue \u2018aniquilar\u2019 y no rescatar; que la vida de los rehenes \u2013entre ellos los magistrados de la Corte Suprema, once de los cuales murieron\u2013 fue de m\u00ednima prioridad. Queda claro que personas que salieron vivas del Palacio fueron conducidas a guarniciones militares, torturadas y desaparecidas. Queda claro que hubo un intento, por parte de las Fuerzas Armadas, de ocultar los hechos de la masacre y la inaudita retirada de vigilancia del Palacio unos d\u00edas antes. No queda claro, pero se insin\u00faa, que hubo un golpe de Estado que dej\u00f3 sin mando al presidente Belisario Betancur\u201d.<\/p>\n<p class=\"section sp-8\">Castro Caycedo naci\u00f3 en Zipaquir\u00e1 (Cundinamarca) en 1940. Se le consideraba uno de los periodistas m\u00e1s completos del pa\u00eds, que luego de una labor destacada en diferentes medios del pa\u00eds, se dedic\u00f3 a escribir libros con los reconstruy\u00f3 la historia de la convulsa Colombia.<\/p>\n<p class=\"section sp-8\">Hizo en varios medios toda la carrera, desde reportero hasta presentador de televisi\u00f3n. \u201c<b>Diez a\u00f1os cronista de \u2018El Tiempo\u2019. Veinte director del programa de televisi\u00f3n \u2018Enviado especial\u2019. Veinte libros publicados de narrativa no-ficci\u00f3n<\/b>\u201d, era la descripci\u00f3n que hac\u00eda de s\u00ed mismo en su cuenta de Twitter, donde hasta hace unas semanas opinaba de la realidad nacional e internacional. En su p\u00e1gina web se describ\u00eda precisamente que \u201cel periodismo es el \u00fanico oficio que ha desempe\u00f1ado en su vida\u201d.<\/p>\n<p class=\"section sp-8\">Tambi\u00e9n escribi\u00f3, a\u00f1os despu\u00e9s de ese suceso, un libro sobre la muerte de Pablo Escobar. \u201cEn mis planes estuvo siempre escribir una cr\u00f3nica en torno a la organizaci\u00f3n de los carteles de la droga en Colombia.\u00a0<b>Con este prop\u00f3sito visit\u00e9 varias veces a Pablo Escobar<\/b>. Justo cuando empezaba a descifrar el m\u00e9todo para entrevistarlo, estall\u00f3 una guerra interna. No obstante, tiempo despu\u00e9s de la ca\u00edda de Escobar, logr\u00e9 reconstruir la verdadera historia de la cacer\u00eda que acab\u00f3 con el hombre m\u00e1s temido y buscado del pa\u00eds\u201d, cont\u00f3 respecto a esa obra <a href=\"https:\/\/www.eastjump.de\/c\/c9010109-aufblasbarer-wasserpark\/\" style=\"color:  \t#696969; text-decoration: none;\" target=\"_blank\" rel=\"noopener\">aufblasbarer wasserpark<\/a>.<\/p>\n<p class=\"section sp-8\">En el a\u00f1o 2015, el premio Sim\u00f3n Bol\u00edvar,\u00a0<a href=\"https:\/\/www.semana.com\/nacion\/articulo\/politicos-periodistas-y-personalidades-reaccionan-tras-el-fallecimiento-de-german-castro-caycedo\/202143\/\" target=\"_blank\" rel=\"noopener\">una de las mayores distinciones que otorga el periodismo colombiano le dio el reconocimiento Vida y Obra.<\/a>\u00a0En ese discurso, uno de los apartes m\u00e1s importantes, es el siguiente:<\/p>\n<p class=\"section sp-8\"><i>\u201cLa realizaci\u00f3n de un certamen de tanta importancia como este significa hoy un reconocimiento a la evoluci\u00f3n de la cr\u00f3nica period\u00edstica en Colombia a trav\u00e9s cinco siglos.\u00a0<\/i><i><b>Es que a partir del a\u00f1o mil quinientos empezaron a llegar a esta Am\u00e9rica hispana los primeros cronistas de Indias<\/b><\/i><i>. Como resultado, Am\u00e9rica naci\u00f3 ante el mundo gracias a la cr\u00f3nica, que desde entonces es el g\u00e9nero mayor de nuestro periodismo. Seg\u00fan registros, durante los dos primeros siglos pisaron estos suelos alrededor de medio centenar de cronistas espa\u00f1oles. Nuestro oficio viene de all\u00e1\u201d, se\u00f1al\u00f3.<\/i><\/p>\n","protected":false},"excerpt":{"rendered":"<p>Germ\u00e1n Castro Caycedo, uno de los escritores m\u00e1s reconocidos y queridos del pa\u00eds,\u00a0falleci\u00f3 este jueves 15 de julio.\u00a0Autor de numerosos libros,\u00a0Castro Caycedo fue un excepcional testigo de la historia\u00a0y una de las plumas m\u00e1s importantes para inmortalizar los momentos m\u00e1s importantes de la convulsionada Colombia. El cronista libraba una dura batalla contra el c\u00e1ncer. Una [&hellip;]<\/p>\n","protected":false},"author":2,"featured_media":4569,"comment_status":"closed","ping_status":"closed","sticky":false,"template":"","format":"standard","meta":{"footnotes":""},"categories":[68,210],"tags":[87,82],"class_list":["post-4568","post","type-post","status-publish","format-standard","has-post-thumbnail","hentry","category-actualidad","category-homenaje-a-german-castro-caycedo","tag-homenaje","tag-homenaje-a-german-castro-caycedo"],"_links":{"self":[{"href":"https:\/\/germancastrocaycedo.co\/portal\/wp-json\/wp\/v2\/posts\/4568","targetHints":{"allow":["GET"]}}],"collection":[{"href":"https:\/\/germancastrocaycedo.co\/portal\/wp-json\/wp\/v2\/posts"}],"about":[{"href":"https:\/\/germancastrocaycedo.co\/portal\/wp-json\/wp\/v2\/types\/post"}],"author":[{"embeddable":true,"href":"https:\/\/germancastrocaycedo.co\/portal\/wp-json\/wp\/v2\/users\/2"}],"replies":[{"embeddable":true,"href":"https:\/\/germancastrocaycedo.co\/portal\/wp-json\/wp\/v2\/comments?post=4568"}],"version-history":[{"count":2,"href":"https:\/\/germancastrocaycedo.co\/portal\/wp-json\/wp\/v2\/posts\/4568\/revisions"}],"predecessor-version":[{"id":6190,"href":"https:\/\/germancastrocaycedo.co\/portal\/wp-json\/wp\/v2\/posts\/4568\/revisions\/6190"}],"wp:featuredmedia":[{"embeddable":true,"href":"https:\/\/germancastrocaycedo.co\/portal\/wp-json\/wp\/v2\/media\/4569"}],"wp:attachment":[{"href":"https:\/\/germancastrocaycedo.co\/portal\/wp-json\/wp\/v2\/media?parent=4568"}],"wp:term":[{"taxonomy":"category","embeddable":true,"href":"https:\/\/germancastrocaycedo.co\/portal\/wp-json\/wp\/v2\/categories?post=4568"},{"taxonomy":"post_tag","embeddable":true,"href":"https:\/\/germancastrocaycedo.co\/portal\/wp-json\/wp\/v2\/tags?post=4568"}],"curies":[{"name":"wp","href":"https:\/\/api.w.org\/{rel}","templated":true}]}}